{"id":680,"date":"2024-01-02T04:17:00","date_gmt":"2024-01-02T03:17:00","guid":{"rendered":"https:\/\/psneuillyputeaux.fr\/?p=680"},"modified":"2024-05-22T22:24:10","modified_gmt":"2024-05-22T20:24:10","slug":"non-a-la-hausse-du-pass-navigo-pour-les-usagers","status":"publish","type":"post","link":"https:\/\/psneuillyputeaux.fr\/?p=680","title":{"rendered":"Non \u00e0 la hausse du pass Navigo pour les usagers"},"content":{"rendered":"\n<p>Alors que Val\u00e9rie P\u00e9cresse a annonc\u00e9 que les usagers des transports quotidiens paieront plus cher un service de moins bonne qualit\u00e9, les socialistes des Hauts-de-Seine sont mobilis\u00e9s pour dire\u00a0<strong>NON \u00e0 la hausse du Passe Navigo<\/strong>.\u00a0<\/p>\n\n\n<div class=\"wp-block-image\">\n<figure class=\"aligncenter size-full\"><img loading=\"lazy\" decoding=\"async\" width=\"675\" height=\"900\" src=\"https:\/\/psneuillyputeaux.fr\/wp-content\/uploads\/2024\/05\/202401-NAVIGO.jpeg\" alt=\"\" class=\"wp-image-681\" srcset=\"https:\/\/psneuillyputeaux.fr\/wp-content\/uploads\/2024\/05\/202401-NAVIGO.jpeg 675w, https:\/\/psneuillyputeaux.fr\/wp-content\/uploads\/2024\/05\/202401-NAVIGO-225x300.jpeg 225w\" sizes=\"auto, (max-width: 675px) 100vw, 675px\" \/><\/figure>\n<\/div>\n\n\n<p><a href=\"https:\/\/www.change.org\/p\/mobilisons-nous-contre-l-augmentation-des-tarifs-des-transports-en-commun?recruiter=1323221811&amp;recruited_by_id=1bfeee00-928d-11ee-bcee-89ac11496798&amp;utm_source=share_petition&amp;utm_campaign=share_for_starters_page&amp;utm_medium=copylink\" target=\"_blank\" rel=\"noreferrer noopener\">\u21d2 Signer la p\u00e9tition en ligne<\/a><\/p>\n\n\n\n<p><canvas width=\"863\" height=\"1150\"><\/canvas><a href=\"https:\/\/live.staticflickr.com\/65535\/53403877345_a09d544cf0_z.jpg\"><\/a><\/p>\n","protected":false},"excerpt":{"rendered":"<p>Alors que Val\u00e9rie P\u00e9cresse a annonc\u00e9 que les usagers des transports quotidiens paieront plus cher un service de moins bonne qualit\u00e9, les socialistes des Hauts-de-Seine sont mobilis\u00e9s pour dire\u00a0NON \u00e0 la hausse du Passe Navigo.\u00a0 \u21d2 Signer la p\u00e9tition en ligne<\/p>\n","protected":false},"author":4,"featured_media":0,"comment_status":"open","ping_status":"open","sticky":false,"template":"","format":"standard","meta":{"footnotes":""},"categories":[10,17],"tags":[48,42],"class_list":["post-680","post","type-post","status-publish","format-standard","hentry","category-actualites","category-villes-et-territoire","tag-actualite","tag-pouvoir-dachat"],"_links":{"self":[{"href":"https:\/\/psneuillyputeaux.fr\/index.php?rest_route=\/wp\/v2\/posts\/680","targetHints":{"allow":["GET"]}}],"collection":[{"href":"https:\/\/psneuillyputeaux.fr\/index.php?rest_route=\/wp\/v2\/posts"}],"about":[{"href":"https:\/\/psneuillyputeaux.fr\/index.php?rest_route=\/wp\/v2\/types\/post"}],"author":[{"embeddable":true,"href":"https:\/\/psneuillyputeaux.fr\/index.php?rest_route=\/wp\/v2\/users\/4"}],"replies":[{"embeddable":true,"href":"https:\/\/psneuillyputeaux.fr\/index.php?rest_route=%2Fwp%2Fv2%2Fcomments&post=680"}],"version-history":[{"count":1,"href":"https:\/\/psneuillyputeaux.fr\/index.php?rest_route=\/wp\/v2\/posts\/680\/revisions"}],"predecessor-version":[{"id":682,"href":"https:\/\/psneuillyputeaux.fr\/index.php?rest_route=\/wp\/v2\/posts\/680\/revisions\/682"}],"wp:attachment":[{"href":"https:\/\/psneuillyputeaux.fr\/index.php?rest_route=%2Fwp%2Fv2%2Fmedia&parent=680"}],"wp:term":[{"taxonomy":"category","embeddable":true,"href":"https:\/\/psneuillyputeaux.fr\/index.php?rest_route=%2Fwp%2Fv2%2Fcategories&post=680"},{"taxonomy":"post_tag","embeddable":true,"href":"https:\/\/psneuillyputeaux.fr\/index.php?rest_route=%2Fwp%2Fv2%2Ftags&post=680"}],"curies":[{"name":"wp","href":"https:\/\/api.w.org\/{rel}","templated":true}]}}