{"id":632,"date":"2022-02-10T16:46:00","date_gmt":"2022-02-10T15:46:00","guid":{"rendered":"https:\/\/psneuillyputeaux.fr\/?p=632"},"modified":"2022-02-24T17:04:51","modified_gmt":"2022-02-24T16:04:51","slug":"etes-vous-inscrit-sur-les-listes-electorales","status":"publish","type":"post","link":"https:\/\/psneuillyputeaux.fr\/?p=632","title":{"rendered":"\u00cates-vous inscrit sur les listes \u00e9lectorales ?"},"content":{"rendered":"\n<figure class=\"wp-block-image\"><img decoding=\"async\" src=\"https:\/\/mcusercontent.com\/271fd0568176630f417da3103\/images\/5c48b9a7-a028-b754-39ed-1441b7302242.jpg\" alt=\"\"\/><\/figure>\n\n\n\n<p>L&rsquo;\u00e9lection pr\u00e9sidentielle aura lieu les dimanches 10 et 24 avril 2022; les l\u00e9gislatives les 12 et 19 juin.<br><\/p>\n\n\n\n<h4 class=\"wp-block-heading\"><strong>Comment v\u00e9rifier si vous \u00eates inscrit\u00b7e sur les listes \u00e9lectorales ?<\/strong><\/h4>\n\n\n\n<p>Un service en ligne vous permet de v\u00e9rifier votre inscription \u00e9lectorale et votre bureau de vote&nbsp;:<a href=\"https:\/\/www.service-public.fr\/particuliers\/vosdroits\/R51788\" target=\"_blank\" rel=\"noreferrer noopener\">&nbsp;<strong>Interroger votre situation \u00e9lectorale en cliquant ICI<\/strong><\/a>&nbsp;et si vous n\u2019\u00eates pas inscrit poursuivez.<\/p>\n\n\n\n<h4 class=\"wp-block-heading\"><strong>Qui peut \u00eatre \u00e9lecteur ?<\/strong><\/h4>\n\n\n\n<p>Il faut remplir toutes les conditions suivantes :<\/p>\n\n\n\n<ul class=\"wp-block-list\"><li>Avoir au moins 18 ans la veille du jour de l\u2019\u00e9lection,<\/li><li>\u00catre fran\u00e7ais et avoir domicile de plus de 6 mois, ou avoir la qualit\u00e9 de contribuable, ou la qualit\u00e9 de g\u00e9rant ou d\u2019associ\u00e9 majoritaire ou unique,<\/li><li>Jouir de ses droits civils et politiques,<\/li><li>Justifier de son identit\u00e9.<\/li><\/ul>\n\n\n\n<h4 class=\"wp-block-heading\"><strong>Comment vous inscrire<\/strong><\/h4>\n\n\n\n<h4 class=\"wp-block-heading\"><strong>\u21d2 Sur place en mairie jusqu\u2019au 4 mars<\/strong><\/h4>\n\n\n\n<p>A la mairie de votre domicile.<\/p>\n\n\n\n<h4 class=\"wp-block-heading\"><strong>\u21d2&nbsp;<\/strong><strong>Par correspondance&nbsp;<\/strong><strong>jusqu\u2019au 4 mars<\/strong><\/h4>\n\n\n\n<p>Adress\u00e9e \u00e0 la mairie de votre domicile.<\/p>\n\n\n\n<h4 class=\"wp-block-heading\"><strong>\u21d2&nbsp;<\/strong><strong>En ligne&nbsp;<\/strong><strong>jusqu\u2019au 2 mars<\/strong><\/h4>\n\n\n\n<p><strong>Un t\u00e9l\u00e9service vous permet de vous inscrire sur les listes \u00e9lectorales<\/strong>&nbsp;(ou de signaler un changement d\u2019adresse). Disponible 24 heures\/24, 7 jours\/7, la proc\u00e9dure est simple et gratuite.<\/p>\n\n\n\n<p>Il suffit de cr\u00e9er un compte sur&nbsp;<strong><a href=\"https:\/\/www.service-public.fr\/particuliers\/compte\/creer-un-compte\" target=\"_blank\" rel=\"noreferrer noopener\">service-public.fr<\/a><\/strong>&nbsp;(ou de s\u2019identifier via FranceConnect \u2013&nbsp;<a href=\"https:\/\/franceconnect.gouv.fr\/\" target=\"_blank\" rel=\"noreferrer noopener\">en savoir plus sur Franc<\/a><a href=\"https:\/\/franceconnect.gouv.fr\/\" target=\"_blank\" rel=\"noreferrer noopener\">eConnect<\/a>)&nbsp;<strong>pour acc\u00e9der \u00e0 la d\u00e9marche \u00ab&nbsp;<a href=\"https:\/\/www.service-public.fr\/particuliers\/vosdroits\/R16396\" target=\"_blank\" rel=\"noreferrer noopener\">demande d\u2019inscription sur les listes \u00e9lectorales<\/a>\u00ab&nbsp;<\/strong>, de r\u00e9pondre aux quelques questions en ligne, de num\u00e9riser les pi\u00e8ces justificatives et d\u2019envoyer le tout. En quelques clics, la demande est transmise \u00e0 la commune de r\u00e9sidence.<\/p>\n\n\n\n<h4 class=\"wp-block-heading\"><strong>Documents \u00e0 fournir<\/strong><\/h4>\n\n\n\n<p>Vous devez fournir dans tous les cas les documents suivants :<\/p>\n\n\n\n<ul class=\"wp-block-list\"><li>un justificatif d\u2019identit\u00e9 et de nationalit\u00e9 :&nbsp;<a href=\"https:\/\/www.service-public.fr\/particuliers\/vosdroits\/F34779\" target=\"_blank\" rel=\"noreferrer noopener\">consulter la liste<\/a><\/li><li>un justificatif de domicile&nbsp;:&nbsp;<a href=\"https:\/\/www.service-public.fr\/particuliers\/vosdroits\/F1965\" target=\"_blank\" rel=\"noreferrer noopener\">consulter la liste<\/a><\/li><li><a href=\"https:\/\/www.psmontrouge.net\/wp-content\/uploads\/2020\/01\/cerfa_12669-02.pdf\" target=\"_blank\" rel=\"noreferrer noopener\"><\/a>Formulaire d\u2019inscription sur les listes \u00e9lectorales \u00e0 l\u2019usage des citoyens fran\u00e7ais :&nbsp;<a href=\"https:\/\/www.service-public.fr\/particuliers\/vosdroits\/R16024\" target=\"_blank\" rel=\"noreferrer noopener\">formulaire Cerfa n\u00b012669*02<\/a><\/li><\/ul>\n\n\n\n<p>Le d\u00e9tail des d\u00e9marches :&nbsp;<a href=\"https:\/\/www.service-public.fr\/particuliers\/vosdroits\/F1367\" target=\"_blank\" rel=\"noreferrer noopener\">https:\/\/www.service-public.fr\/particuliers\/vosdroits<\/a><\/p>\n\n\n\n<p><br><a rel=\"noreferrer noopener\" href=\"https:\/\/www.service-public.fr\/particuliers\/vosdroits\/R16396\" target=\"_blank\"><strong>Je m&rsquo;inscris sur les listes \u00e9lectorales<\/strong><\/a><\/p>\n","protected":false},"excerpt":{"rendered":"<p>L&rsquo;\u00e9lection pr\u00e9sidentielle aura lieu les dimanches 10 et 24 avril 2022; les l\u00e9gislatives les 12 et 19 juin. Comment v\u00e9rifier si vous \u00eates inscrit\u00b7e sur les listes \u00e9lectorales ? Un service en ligne vous permet de v\u00e9rifier votre inscription \u00e9lectorale et votre bureau de vote&nbsp;:&nbsp;Interroger votre situation \u00e9lectorale en cliquant ICI&nbsp;et si vous n\u2019\u00eates pas &hellip; <\/p>\n<p class=\"link-more\"><a href=\"https:\/\/psneuillyputeaux.fr\/?p=632\" class=\"more-link\">Continuer la lecture<span class=\"screen-reader-text\"> de &laquo;&nbsp;\u00cates-vous inscrit sur les listes \u00e9lectorales ?&nbsp;&raquo;<\/span><\/a><\/p>\n","protected":false},"author":1,"featured_media":0,"comment_status":"closed","ping_status":"open","sticky":false,"template":"","format":"standard","meta":{"footnotes":""},"categories":[10,32],"tags":[38],"class_list":["post-632","post","type-post","status-publish","format-standard","hentry","category-actualites","category-blog","tag-elections"],"_links":{"self":[{"href":"https:\/\/psneuillyputeaux.fr\/index.php?rest_route=\/wp\/v2\/posts\/632","targetHints":{"allow":["GET"]}}],"collection":[{"href":"https:\/\/psneuillyputeaux.fr\/index.php?rest_route=\/wp\/v2\/posts"}],"about":[{"href":"https:\/\/psneuillyputeaux.fr\/index.php?rest_route=\/wp\/v2\/types\/post"}],"author":[{"embeddable":true,"href":"https:\/\/psneuillyputeaux.fr\/index.php?rest_route=\/wp\/v2\/users\/1"}],"replies":[{"embeddable":true,"href":"https:\/\/psneuillyputeaux.fr\/index.php?rest_route=%2Fwp%2Fv2%2Fcomments&post=632"}],"version-history":[{"count":2,"href":"https:\/\/psneuillyputeaux.fr\/index.php?rest_route=\/wp\/v2\/posts\/632\/revisions"}],"predecessor-version":[{"id":634,"href":"https:\/\/psneuillyputeaux.fr\/index.php?rest_route=\/wp\/v2\/posts\/632\/revisions\/634"}],"wp:attachment":[{"href":"https:\/\/psneuillyputeaux.fr\/index.php?rest_route=%2Fwp%2Fv2%2Fmedia&parent=632"}],"wp:term":[{"taxonomy":"category","embeddable":true,"href":"https:\/\/psneuillyputeaux.fr\/index.php?rest_route=%2Fwp%2Fv2%2Fcategories&post=632"},{"taxonomy":"post_tag","embeddable":true,"href":"https:\/\/psneuillyputeaux.fr\/index.php?rest_route=%2Fwp%2Fv2%2Ftags&post=632"}],"curies":[{"name":"wp","href":"https:\/\/api.w.org\/{rel}","templated":true}]}}