{"id":394,"date":"2019-06-02T13:07:34","date_gmt":"2019-06-02T11:07:34","guid":{"rendered":"http:\/\/psneuillyputeaux.fr\/?p=394"},"modified":"2022-06-02T16:05:07","modified_gmt":"2022-06-02T14:05:07","slug":"resultats-des-elections-europeennes","status":"publish","type":"post","link":"https:\/\/psneuillyputeaux.fr\/?p=394","title":{"rendered":"R\u00e9sultats des \u00e9lections europ\u00e9ennes"},"content":{"rendered":"\n<p class=\"has-very-dark-gray-color has-text-color\">Vous trouverez en pi\u00e8ce jointe le r\u00e9sultat de ces \u00e9lections sur les villes de Neuilly et de Puteaux ainsi que le nombre de si\u00e8ges obtenus au parlement europ\u00e9ens (en bleu) pour chacune des listes ayant d\u00e9pass\u00e9 les 5%.<\/p>\n\n\n\n<figure class=\"wp-block-image\"><img loading=\"lazy\" decoding=\"async\" width=\"1111\" height=\"762\" src=\"https:\/\/psneuillyputeaux.fr\/wp-content\/uploads\/2019\/06\/resultats-europeennes-2019.jpg\" alt=\"\" class=\"wp-image-404\" srcset=\"https:\/\/psneuillyputeaux.fr\/wp-content\/uploads\/2019\/06\/resultats-europeennes-2019.jpg 1111w, https:\/\/psneuillyputeaux.fr\/wp-content\/uploads\/2019\/06\/resultats-europeennes-2019-300x206.jpg 300w, https:\/\/psneuillyputeaux.fr\/wp-content\/uploads\/2019\/06\/resultats-europeennes-2019-768x527.jpg 768w, https:\/\/psneuillyputeaux.fr\/wp-content\/uploads\/2019\/06\/resultats-europeennes-2019-1024x702.jpg 1024w\" sizes=\"auto, (max-width: 767px) 89vw, (max-width: 1000px) 54vw, (max-width: 1071px) 543px, 580px\" \/><\/figure>\n\n\n\n<div class=\"wp-block-file\"><a id=\"wp-block-file--media-59aec8cc-af3f-4dcf-8e72-885704533c3a\" href=\"https:\/\/psneuillyputeaux.fr\/wp-content\/uploads\/2019\/06\/r\u00e9sultats-europeennes-2019.pdf\">r\u00e9sultats europeennes 2019<\/a><a href=\"https:\/\/psneuillyputeaux.fr\/wp-content\/uploads\/2019\/06\/r\u00e9sultats-europeennes-2019.pdf\" class=\"wp-block-file__button\" download aria-describedby=\"wp-block-file--media-59aec8cc-af3f-4dcf-8e72-885704533c3a\">T\u00e9l\u00e9charger<\/a><\/div>\n","protected":false},"excerpt":{"rendered":"<p>Vous trouverez en pi\u00e8ce jointe le r\u00e9sultat de ces \u00e9lections sur les villes de Neuilly et de Puteaux ainsi que le nombre de si\u00e8ges obtenus au parlement europ\u00e9ens (en bleu) pour chacune des listes ayant d\u00e9pass\u00e9 les 5%.<\/p>\n","protected":false},"author":1,"featured_media":0,"comment_status":"closed","ping_status":"closed","sticky":false,"template":"","format":"standard","meta":{"footnotes":""},"categories":[10,32],"tags":[],"class_list":["post-394","post","type-post","status-publish","format-standard","hentry","category-actualites","category-blog"],"_links":{"self":[{"href":"https:\/\/psneuillyputeaux.fr\/index.php?rest_route=\/wp\/v2\/posts\/394","targetHints":{"allow":["GET"]}}],"collection":[{"href":"https:\/\/psneuillyputeaux.fr\/index.php?rest_route=\/wp\/v2\/posts"}],"about":[{"href":"https:\/\/psneuillyputeaux.fr\/index.php?rest_route=\/wp\/v2\/types\/post"}],"author":[{"embeddable":true,"href":"https:\/\/psneuillyputeaux.fr\/index.php?rest_route=\/wp\/v2\/users\/1"}],"replies":[{"embeddable":true,"href":"https:\/\/psneuillyputeaux.fr\/index.php?rest_route=%2Fwp%2Fv2%2Fcomments&post=394"}],"version-history":[{"count":8,"href":"https:\/\/psneuillyputeaux.fr\/index.php?rest_route=\/wp\/v2\/posts\/394\/revisions"}],"predecessor-version":[{"id":647,"href":"https:\/\/psneuillyputeaux.fr\/index.php?rest_route=\/wp\/v2\/posts\/394\/revisions\/647"}],"wp:attachment":[{"href":"https:\/\/psneuillyputeaux.fr\/index.php?rest_route=%2Fwp%2Fv2%2Fmedia&parent=394"}],"wp:term":[{"taxonomy":"category","embeddable":true,"href":"https:\/\/psneuillyputeaux.fr\/index.php?rest_route=%2Fwp%2Fv2%2Fcategories&post=394"},{"taxonomy":"post_tag","embeddable":true,"href":"https:\/\/psneuillyputeaux.fr\/index.php?rest_route=%2Fwp%2Fv2%2Ftags&post=394"}],"curies":[{"name":"wp","href":"https:\/\/api.w.org\/{rel}","templated":true}]}}