{"id":327,"date":"2018-12-04T18:25:27","date_gmt":"2018-12-04T17:25:27","guid":{"rendered":"http:\/\/psneuillyputeaux.fr\/?p=327"},"modified":"2022-06-02T16:05:43","modified_gmt":"2022-06-02T14:05:43","slug":"crise-des-gilets-jaunes","status":"publish","type":"post","link":"https:\/\/psneuillyputeaux.fr\/?p=327","title":{"rendered":"Crise des gilets jaunes"},"content":{"rendered":"<p><img loading=\"lazy\" decoding=\"async\" class=\" wp-image-342 aligncenter\" src=\"https:\/\/psneuillyputeaux.fr\/wp-content\/uploads\/2018\/12\/frise-gilet-jaunes-300x77.jpg\" alt=\"\" width=\"347\" height=\"89\" srcset=\"https:\/\/psneuillyputeaux.fr\/wp-content\/uploads\/2018\/12\/frise-gilet-jaunes-300x77.jpg 300w, https:\/\/psneuillyputeaux.fr\/wp-content\/uploads\/2018\/12\/frise-gilet-jaunes-768x196.jpg 768w, https:\/\/psneuillyputeaux.fr\/wp-content\/uploads\/2018\/12\/frise-gilet-jaunes-1024x261.jpg 1024w, https:\/\/psneuillyputeaux.fr\/wp-content\/uploads\/2018\/12\/frise-gilet-jaunes.jpg 1958w\" sizes=\"auto, (max-width: 347px) 100vw, 347px\" \/><\/p>\n<p>Les parlementaires socialistes ont d\u00e9pos\u00e9 une proposition de loi le 3 d\u00e9cembre \u00e0 l&rsquo;Assembl\u00e9e nationale et au S\u00e9nat; vous pourrez en prendre connaissance en cliquant sur l&rsquo;image ci-dessous:<\/p>\n<p style=\"text-align: center;\"><a href=\"https:\/\/psneuillyputeaux.fr\/wp-content\/uploads\/2018\/12\/2018_12_03_proposition-de-loi_Sortie-de-crise-1.pdf\"><img loading=\"lazy\" decoding=\"async\" class=\"alignnone size-medium wp-image-338\" src=\"https:\/\/psneuillyputeaux.fr\/wp-content\/uploads\/2018\/12\/sortie-de-crise-212x300.jpg\" alt=\"\" width=\"212\" height=\"300\" srcset=\"https:\/\/psneuillyputeaux.fr\/wp-content\/uploads\/2018\/12\/sortie-de-crise-212x300.jpg 212w, https:\/\/psneuillyputeaux.fr\/wp-content\/uploads\/2018\/12\/sortie-de-crise-768x1086.jpg 768w, https:\/\/psneuillyputeaux.fr\/wp-content\/uploads\/2018\/12\/sortie-de-crise-724x1024.jpg 724w, https:\/\/psneuillyputeaux.fr\/wp-content\/uploads\/2018\/12\/sortie-de-crise.jpg 1654w\" sizes=\"auto, (max-width: 212px) 100vw, 212px\" \/><\/a><\/p>\n","protected":false},"excerpt":{"rendered":"<p>Les parlementaires socialistes ont d\u00e9pos\u00e9 une proposition de loi le 3 d\u00e9cembre \u00e0 l&rsquo;Assembl\u00e9e nationale et au S\u00e9nat; vous pourrez en prendre connaissance en cliquant sur l&rsquo;image ci-dessous:<\/p>\n","protected":false},"author":1,"featured_media":0,"comment_status":"closed","ping_status":"closed","sticky":false,"template":"","format":"standard","meta":{"footnotes":""},"categories":[10,32,27],"tags":[44,26,43,42],"class_list":["post-327","post","type-post","status-publish","format-standard","hentry","category-actualites","category-blog","category-ecologie","tag-crise","tag-ecologie","tag-gilets-jaunes","tag-pouvoir-dachat"],"_links":{"self":[{"href":"https:\/\/psneuillyputeaux.fr\/index.php?rest_route=\/wp\/v2\/posts\/327","targetHints":{"allow":["GET"]}}],"collection":[{"href":"https:\/\/psneuillyputeaux.fr\/index.php?rest_route=\/wp\/v2\/posts"}],"about":[{"href":"https:\/\/psneuillyputeaux.fr\/index.php?rest_route=\/wp\/v2\/types\/post"}],"author":[{"embeddable":true,"href":"https:\/\/psneuillyputeaux.fr\/index.php?rest_route=\/wp\/v2\/users\/1"}],"replies":[{"embeddable":true,"href":"https:\/\/psneuillyputeaux.fr\/index.php?rest_route=%2Fwp%2Fv2%2Fcomments&post=327"}],"version-history":[{"count":9,"href":"https:\/\/psneuillyputeaux.fr\/index.php?rest_route=\/wp\/v2\/posts\/327\/revisions"}],"predecessor-version":[{"id":648,"href":"https:\/\/psneuillyputeaux.fr\/index.php?rest_route=\/wp\/v2\/posts\/327\/revisions\/648"}],"wp:attachment":[{"href":"https:\/\/psneuillyputeaux.fr\/index.php?rest_route=%2Fwp%2Fv2%2Fmedia&parent=327"}],"wp:term":[{"taxonomy":"category","embeddable":true,"href":"https:\/\/psneuillyputeaux.fr\/index.php?rest_route=%2Fwp%2Fv2%2Fcategories&post=327"},{"taxonomy":"post_tag","embeddable":true,"href":"https:\/\/psneuillyputeaux.fr\/index.php?rest_route=%2Fwp%2Fv2%2Ftags&post=327"}],"curies":[{"name":"wp","href":"https:\/\/api.w.org\/{rel}","templated":true}]}}