{"id":303,"date":"2018-10-13T12:03:39","date_gmt":"2018-10-13T10:03:39","guid":{"rendered":"http:\/\/psneuillyputeaux.fr\/?p=303"},"modified":"2018-12-04T18:28:56","modified_gmt":"2018-12-04T17:28:56","slug":"elections-europeennes","status":"publish","type":"post","link":"https:\/\/psneuillyputeaux.fr\/?p=303","title":{"rendered":"Elections europ\u00e9ennes"},"content":{"rendered":"<p><img loading=\"lazy\" decoding=\"async\" class=\"alignnone size-medium wp-image-304\" src=\"https:\/\/psneuillyputeaux.fr\/wp-content\/uploads\/2018\/10\/elections_europeennes_2019-300x225.jpg\" alt=\"\" width=\"300\" height=\"225\" srcset=\"https:\/\/psneuillyputeaux.fr\/wp-content\/uploads\/2018\/10\/elections_europeennes_2019-300x225.jpg 300w, https:\/\/psneuillyputeaux.fr\/wp-content\/uploads\/2018\/10\/elections_europeennes_2019.jpg 620w\" sizes=\"auto, (max-width: 300px) 100vw, 300px\" \/><\/p>\n<p>Les \u00e9lections europ\u00e9ennes auront lieu le <strong>dimanche 26 mai 2019<\/strong> (elles se d\u00e9rouleront dans toute l&rsquo;Europe du 23 au 26 mai). Ce jour l\u00e0 les Fran\u00e7ais choisiront 79 repr\u00e9sentants au parlement europ\u00e9en, \u00e9lus pour un mandat de 5 ans.<\/p>\n<p>Dans cette perspective, un <a href=\"https:\/\/psneuillyputeaux.fr\/wp-content\/uploads\/2018\/10\/texte-1_Europe.pdf\" target=\"_blank\" rel=\"noopener\">texte<\/a>\u00a0a \u00e9t\u00e9 adopt\u00e9 par les militants socialistes.<\/p>\n","protected":false},"excerpt":{"rendered":"<p>Les \u00e9lections europ\u00e9ennes auront lieu le dimanche 26 mai 2019 (elles se d\u00e9rouleront dans toute l&rsquo;Europe du 23 au 26 mai). Ce jour l\u00e0 les Fran\u00e7ais choisiront 79 repr\u00e9sentants au parlement europ\u00e9en, \u00e9lus pour un mandat de 5 ans. Dans cette perspective, un texte\u00a0a \u00e9t\u00e9 adopt\u00e9 par les militants socialistes.<\/p>\n","protected":false},"author":1,"featured_media":0,"comment_status":"open","ping_status":"open","sticky":false,"template":"","format":"standard","meta":{"footnotes":""},"categories":[10,32],"tags":[38,37],"class_list":["post-303","post","type-post","status-publish","format-standard","hentry","category-actualites","category-blog","tag-elections","tag-europe"],"_links":{"self":[{"href":"https:\/\/psneuillyputeaux.fr\/index.php?rest_route=\/wp\/v2\/posts\/303","targetHints":{"allow":["GET"]}}],"collection":[{"href":"https:\/\/psneuillyputeaux.fr\/index.php?rest_route=\/wp\/v2\/posts"}],"about":[{"href":"https:\/\/psneuillyputeaux.fr\/index.php?rest_route=\/wp\/v2\/types\/post"}],"author":[{"embeddable":true,"href":"https:\/\/psneuillyputeaux.fr\/index.php?rest_route=\/wp\/v2\/users\/1"}],"replies":[{"embeddable":true,"href":"https:\/\/psneuillyputeaux.fr\/index.php?rest_route=%2Fwp%2Fv2%2Fcomments&post=303"}],"version-history":[{"count":3,"href":"https:\/\/psneuillyputeaux.fr\/index.php?rest_route=\/wp\/v2\/posts\/303\/revisions"}],"predecessor-version":[{"id":308,"href":"https:\/\/psneuillyputeaux.fr\/index.php?rest_route=\/wp\/v2\/posts\/303\/revisions\/308"}],"wp:attachment":[{"href":"https:\/\/psneuillyputeaux.fr\/index.php?rest_route=%2Fwp%2Fv2%2Fmedia&parent=303"}],"wp:term":[{"taxonomy":"category","embeddable":true,"href":"https:\/\/psneuillyputeaux.fr\/index.php?rest_route=%2Fwp%2Fv2%2Fcategories&post=303"},{"taxonomy":"post_tag","embeddable":true,"href":"https:\/\/psneuillyputeaux.fr\/index.php?rest_route=%2Fwp%2Fv2%2Ftags&post=303"}],"curies":[{"name":"wp","href":"https:\/\/api.w.org\/{rel}","templated":true}]}}