{"id":255,"date":"2017-12-07T11:00:31","date_gmt":"2017-12-07T10:00:31","guid":{"rendered":"http:\/\/psneuillyputeaux.fr\/?p=255"},"modified":"2018-08-26T17:33:25","modified_gmt":"2018-08-26T15:33:25","slug":"nous-nacceptons-pas-que-lhumanite-se-dirige-sans-reagir-vers-le-chaos-climatique","status":"publish","type":"post","link":"https:\/\/psneuillyputeaux.fr\/?p=255","title":{"rendered":"\u00ab Nous n\u2019acceptons pas que l\u2019humanit\u00e9 se dirige, sans r\u00e9agir, vers le chaos climatique \u00bb"},"content":{"rendered":"<p>\u00ab Le Monde \u00bb publie l\u2019appel d\u2019\u00e9conomistes, de responsables politiques, d\u2019artistes, de philosophes, de syndicalistes pour demander un pacte finance-climat.<\/p>\n<p>Vous pouvez lire cet article cosign\u00e9 par Jean Jouzel (climatologue, ancien vice-pr\u00e9sident du Groupe d&rsquo;experts intergouvernemental sur l&rsquo;\u00e9volution du climat) et Pierre Larrouturou (\u00e9conomiste)\u00a0sur le journal le monde <strong><a class=\"liens\" href=\"https:\/\/www.lemonde.fr\/idees\/article\/2017\/12\/06\/nous-citoyens-d-europe-n-acceptons-pas-que-l-humanite-se-dirige-sans-reagir-vers-le-chaos-climatique_5225228_3232.html#mJkWh49hPZb0V6A5.99\" target=\"_blank\" rel=\"noopener\">ICI<\/a><\/strong>, et retrouver tous les signataires de cet appel ou signer vous-m\u00eame sur\u00a0<a class=\"liens\" href=\"https:\/\/climat-2020.eu\/fr\/\" target=\"_blank\" rel=\"noopener\">www.climat-2020.eu<\/a><\/p>\n","protected":false},"excerpt":{"rendered":"<p>\u00ab Le Monde \u00bb publie l\u2019appel d\u2019\u00e9conomistes, de responsables politiques, d\u2019artistes, de philosophes, de syndicalistes pour demander un pacte finance-climat. Vous pouvez lire cet article cosign\u00e9 par Jean Jouzel (climatologue, ancien vice-pr\u00e9sident du Groupe d&rsquo;experts intergouvernemental sur l&rsquo;\u00e9volution du climat) et Pierre Larrouturou (\u00e9conomiste)\u00a0sur le journal le monde ICI, et retrouver tous les signataires de &hellip; <\/p>\n<p class=\"link-more\"><a href=\"https:\/\/psneuillyputeaux.fr\/?p=255\" class=\"more-link\">Continuer la lecture<span class=\"screen-reader-text\"> de &laquo;&nbsp;\u00ab Nous n\u2019acceptons pas que l\u2019humanit\u00e9 se dirige, sans r\u00e9agir, vers le chaos climatique \u00bb&nbsp;&raquo;<\/span><\/a><\/p>\n","protected":false},"author":1,"featured_media":269,"comment_status":"open","ping_status":"open","sticky":false,"template":"","format":"standard","meta":{"footnotes":""},"categories":[10,32,27],"tags":[24,26,28,25],"class_list":["post-255","post","type-post","status-publish","format-standard","has-post-thumbnail","hentry","category-actualites","category-blog","category-ecologie","tag-climat","tag-ecologie","tag-planete","tag-rechauffement-climatique"],"_links":{"self":[{"href":"https:\/\/psneuillyputeaux.fr\/index.php?rest_route=\/wp\/v2\/posts\/255","targetHints":{"allow":["GET"]}}],"collection":[{"href":"https:\/\/psneuillyputeaux.fr\/index.php?rest_route=\/wp\/v2\/posts"}],"about":[{"href":"https:\/\/psneuillyputeaux.fr\/index.php?rest_route=\/wp\/v2\/types\/post"}],"author":[{"embeddable":true,"href":"https:\/\/psneuillyputeaux.fr\/index.php?rest_route=\/wp\/v2\/users\/1"}],"replies":[{"embeddable":true,"href":"https:\/\/psneuillyputeaux.fr\/index.php?rest_route=%2Fwp%2Fv2%2Fcomments&post=255"}],"version-history":[{"count":3,"href":"https:\/\/psneuillyputeaux.fr\/index.php?rest_route=\/wp\/v2\/posts\/255\/revisions"}],"predecessor-version":[{"id":259,"href":"https:\/\/psneuillyputeaux.fr\/index.php?rest_route=\/wp\/v2\/posts\/255\/revisions\/259"}],"wp:featuredmedia":[{"embeddable":true,"href":"https:\/\/psneuillyputeaux.fr\/index.php?rest_route=\/wp\/v2\/media\/269"}],"wp:attachment":[{"href":"https:\/\/psneuillyputeaux.fr\/index.php?rest_route=%2Fwp%2Fv2%2Fmedia&parent=255"}],"wp:term":[{"taxonomy":"category","embeddable":true,"href":"https:\/\/psneuillyputeaux.fr\/index.php?rest_route=%2Fwp%2Fv2%2Fcategories&post=255"},{"taxonomy":"post_tag","embeddable":true,"href":"https:\/\/psneuillyputeaux.fr\/index.php?rest_route=%2Fwp%2Fv2%2Ftags&post=255"}],"curies":[{"name":"wp","href":"https:\/\/api.w.org\/{rel}","templated":true}]}}